{"id":238,"date":"2020-01-25T22:10:05","date_gmt":"2020-01-25T22:10:05","guid":{"rendered":"https:\/\/bi4ol.yj.fr\/blog\/?p=238"},"modified":"2020-02-28T10:49:25","modified_gmt":"2020-02-28T10:49:25","slug":"impossible-dactiver-windows-defender-que-faire","status":"publish","type":"post","link":"https:\/\/bi4ol.yj.fr\/blog\/impossible-dactiver-windows-defender-que-faire\/","title":{"rendered":"Impossible d&rsquo;activer Windows Defender, que faire ?"},"content":{"rendered":"\n<p><em>J&rsquo;ai r\u00e9cemment remis en \u00e9tat un PC extr\u00eamement ralenti. Pour am\u00e9liorer les performances, j&rsquo;ai d\u00e9cid\u00e9 de <a href=\"https:\/\/bi4ol.yj.fr\/blog\/2019\/08\/19\/comment-passer-de-avast-a-windows-defender\/\">supprimer Avast et de passer \u00e0 Windows Defender<\/a>. Mais, en passant par les param\u00e8tres, il m&rsquo;\u00e9tait impossible d&rsquo;activer Windows Defender. Je vous montre la m\u00e9thode dans ce genre de cas !<\/em><\/p>\n\n\n\n<p><\/p>\n\n\n\n<h2 class=\"wp-block-heading\">Pourquoi il est parfois impossible d&rsquo;activer Windows Defender ?<\/h2>\n\n\n\n<p>En allant donc sur les param\u00e8tres de Windows Defender, j&rsquo;ai fait face \u00e0 un message bizarre que voici : \u00ab&nbsp;<strong>Votre protection contre les virus et menaces est g\u00e9r\u00e9e par votre organisation<\/strong>&nbsp;\u00bb.<\/p>\n\n\n\n<p><\/p>\n\n\n\n<div class=\"wp-block-image\"><figure class=\"aligncenter size-large\"><a href=\"https:\/\/bi4ol.yj.fr\/blog\/wp-content\/uploads\/2020\/01\/1-1.png\" target=\"_blank\" rel=\"noreferrer noopener\"><img loading=\"lazy\" decoding=\"async\" width=\"795\" height=\"631\" src=\"https:\/\/bi4ol.yj.fr\/blog\/wp-content\/uploads\/2020\/01\/1-1.png\" alt=\"Impossible d'activer Windows defender : Votre protection contre les virus et menaces est g\u00e9r\u00e9e par votre organisation\" class=\"wp-image-239\" srcset=\"https:\/\/bi4ol.yj.fr\/blog\/wp-content\/uploads\/2020\/01\/1-1.png 795w, https:\/\/bi4ol.yj.fr\/blog\/wp-content\/uploads\/2020\/01\/1-1-300x238.png 300w, https:\/\/bi4ol.yj.fr\/blog\/wp-content\/uploads\/2020\/01\/1-1-768x610.png 768w\" sizes=\"auto, (max-width: 795px) 100vw, 795px\" \/><\/a><figcaption>Impossible d&rsquo;activer Windows Defender<\/figcaption><\/figure><\/div>\n\n\n\n<p><\/p>\n\n\n\n<p>A premi\u00e8re vue, ce message est incompr\u00e9hensible. En effet, je suis sur un compte administrateur et c&rsquo;est m\u00eame le seul compte de l&rsquo;ordinateur. Personne ne peux donc emp\u00eacher \u00e0 cet utilisateur d&rsquo;activer ou de d\u00e9sactiver n&rsquo;importe quel param\u00e8tre que ce soit ! <\/p>\n\n\n\n<p>Mais avec un peu plus de r\u00e9flexion, on comprend que le probl\u00e8me vient d&rsquo;ailleurs. En effet, c&rsquo;est assez logiquement un programme qui bloque l&rsquo;acc\u00e8s \u00e0 l&rsquo;activation de Windows Defender. Et qui d&rsquo;autre que Avast, que je viens de d\u00e9sinstaller peut en \u00eatre la cause ? Ben personne, justement ! Il faut donc dire \u00e0 Avast (bien que d\u00e9sinstall\u00e9 avec <a rel=\"noreferrer noopener\" aria-label=\"avastclear (s\u2019ouvre dans un nouvel onglet)\" href=\"https:\/\/www.avast.com\/fr-fr\/uninstall-utility\" target=\"_blank\">avastclear<\/a> pourtant) d&rsquo;arr\u00eater de bloquer Windows Defender.<\/p>\n\n\n\n<p><\/p>\n\n\n\n<h2 class=\"wp-block-heading\">Comment d\u00e9bloquer Windows Defender ?<\/h2>\n\n\n\n<p>Il reste plus qu&rsquo;\u00e0 savoir comment Avast bloque l&rsquo;activation de Windows Defender. Si vous avez d\u00e9j\u00e0 lu quelques articles du blog, <a href=\"https:\/\/bi4ol.yj.fr\/blog\/2019\/05\/07\/faut-il-nettoyer-la-base-de-registre-avec-ccleaner\/\">vous connaissez en gros le fonctionnement de la base de registre<\/a>. Et c&rsquo;est en effet, par l\u00e0 qu&rsquo;il faut fouiller.<\/p>\n\n\n\n<p><\/p>\n\n\n\n<div class=\"wp-block-image\"><figure class=\"aligncenter size-large\"><a href=\"https:\/\/bi4ol.yj.fr\/blog\/wp-content\/uploads\/2020\/01\/2-2.png\" target=\"_blank\" rel=\"noreferrer noopener\"><img loading=\"lazy\" decoding=\"async\" width=\"1006\" height=\"512\" src=\"https:\/\/bi4ol.yj.fr\/blog\/wp-content\/uploads\/2020\/01\/2-2.png\" alt=\"Impossible d'activer Windows Defender : par la base de registre\" class=\"wp-image-241\" srcset=\"https:\/\/bi4ol.yj.fr\/blog\/wp-content\/uploads\/2020\/01\/2-2.png 1006w, https:\/\/bi4ol.yj.fr\/blog\/wp-content\/uploads\/2020\/01\/2-2-300x153.png 300w, https:\/\/bi4ol.yj.fr\/blog\/wp-content\/uploads\/2020\/01\/2-2-768x391.png 768w\" sizes=\"auto, (max-width: 1006px) 100vw, 1006px\" \/><\/a><figcaption>Il faut passer par la base de registre pour rendre possible l&rsquo;activation de Windows Defender<\/figcaption><\/figure><\/div>\n\n\n\n<p><\/p>\n\n\n\n<p>Ouvrez donc <strong>regedit<\/strong> en tapant regedit dans la zone de recherche Windows. Ensuite, allez vers la cl\u00e9 : <strong>HKEY_LOCAL_MACHINE\\SOFTWARE\\Policies\\Microsoft\\Windows Defender<\/strong>. Il ne reste plus qu&rsquo;\u00e0 mettre la valeur de la variable <strong>DisableAntiSpyware<\/strong> \u00e0 <strong>0<\/strong> au lieu de <strong>1<\/strong>. Pour cela, il faut double-cliquer sur la variable et modifier la donn\u00e9es de la valeur.<\/p>\n\n\n\n<p><\/p>\n\n\n\n<div class=\"wp-block-image\"><figure class=\"aligncenter size-large\"><a href=\"https:\/\/bi4ol.yj.fr\/blog\/wp-content\/uploads\/2020\/01\/4-1.png\" target=\"_blank\" rel=\"noreferrer noopener\"><img loading=\"lazy\" decoding=\"async\" width=\"1008\" height=\"514\" src=\"https:\/\/bi4ol.yj.fr\/blog\/wp-content\/uploads\/2020\/01\/4-1.png\" alt=\"Impossible d'activer Windows Defender : Modification de la variable DisableAntiSpyware dans la base de registre\" class=\"wp-image-244\" srcset=\"https:\/\/bi4ol.yj.fr\/blog\/wp-content\/uploads\/2020\/01\/4-1.png 1008w, https:\/\/bi4ol.yj.fr\/blog\/wp-content\/uploads\/2020\/01\/4-1-300x153.png 300w, https:\/\/bi4ol.yj.fr\/blog\/wp-content\/uploads\/2020\/01\/4-1-768x392.png 768w\" sizes=\"auto, (max-width: 1008px) 100vw, 1008px\" \/><\/a><figcaption>Modification de la variable DisableAntiSpyware dans la base de registre<\/figcaption><\/figure><\/div>\n\n\n\n<p><\/p>\n\n\n\n<p>Et c&rsquo;est tout, vous pouvez maintenant fermer la base de registre et activer Windows Defender en passant par les param\u00e8tres classiques !<\/p>\n\n\n\n<div class=\"wp-block-image\"><figure class=\"aligncenter size-large\"><a href=\"https:\/\/bi4ol.yj.fr\/blog\/wp-content\/uploads\/2020\/01\/5-3.png\" target=\"_blank\" rel=\"noreferrer noopener\"><img loading=\"lazy\" decoding=\"async\" width=\"798\" height=\"631\" src=\"https:\/\/bi4ol.yj.fr\/blog\/wp-content\/uploads\/2020\/01\/5-3.png\" alt=\"Impossible d'activer Windows Defender : probl\u00e8me r\u00e9solu\" class=\"wp-image-249\" srcset=\"https:\/\/bi4ol.yj.fr\/blog\/wp-content\/uploads\/2020\/01\/5-3.png 798w, https:\/\/bi4ol.yj.fr\/blog\/wp-content\/uploads\/2020\/01\/5-3-300x237.png 300w, https:\/\/bi4ol.yj.fr\/blog\/wp-content\/uploads\/2020\/01\/5-3-768x607.png 768w\" sizes=\"auto, (max-width: 798px) 100vw, 798px\" \/><\/a><figcaption>Le probl\u00e8me est r\u00e9solu !<\/figcaption><\/figure><\/div>\n","protected":false},"excerpt":{"rendered":"<p>J&rsquo;ai r\u00e9cemment remis en \u00e9tat un PC extr\u00eamement ralenti. Pour am\u00e9liorer les performances, j&rsquo;ai d\u00e9cid\u00e9 de supprimer Avast et de passer \u00e0 Windows Defender. Mais, en passant par les param\u00e8tres, il m&rsquo;\u00e9tait impossible d&rsquo;activer Windows Defender. Je vous montre la m\u00e9thode dans ce genre de cas ! Pourquoi il est parfois impossible d&rsquo;activer Windows Defender<\/p>\n<p><a href=\"https:\/\/bi4ol.yj.fr\/blog\/impossible-dactiver-windows-defender-que-faire\/\" class=\"more-link\">Lire la suite<\/a><\/p>\n","protected":false},"author":1,"featured_media":316,"comment_status":"open","ping_status":"open","sticky":false,"template":"","format":"standard","meta":{"footnotes":""},"categories":[11],"tags":[17,19,18],"class_list":["post-238","post","type-post","status-publish","format-standard","has-post-thumbnail","hentry","category-securite","tag-antivirus","tag-windows","tag-windows-defender"],"yoast_head":"<!-- This site is optimized with the Yoast SEO plugin v24.9 - https:\/\/yoast.com\/wordpress\/plugins\/seo\/ -->\n<title>Impossible d&#039;activer Windows Defender, que faire ? - BI4ol - Le Blog<\/title>\n<meta name=\"description\" content=\"Impossible d&#039;activer Windows Defender : Votre protection contre les virus et menaces est g\u00e9r\u00e9e par votre organisation. Voici la solution !\" \/>\n<meta name=\"robots\" content=\"index, follow, max-snippet:-1, max-image-preview:large, max-video-preview:-1\" \/>\n<link rel=\"canonical\" href=\"https:\/\/bi4ol.yj.fr\/blog\/impossible-dactiver-windows-defender-que-faire\/\" \/>\n<meta property=\"og:locale\" content=\"fr_FR\" \/>\n<meta property=\"og:type\" content=\"article\" \/>\n<meta property=\"og:title\" content=\"Impossible d&#039;activer Windows Defender, que faire ? - BI4ol - Le Blog\" \/>\n<meta property=\"og:description\" content=\"Impossible d&#039;activer Windows Defender : Votre protection contre les virus et menaces est g\u00e9r\u00e9e par votre organisation. Voici la solution !\" \/>\n<meta property=\"og:url\" content=\"https:\/\/bi4ol.yj.fr\/blog\/impossible-dactiver-windows-defender-que-faire\/\" \/>\n<meta property=\"og:site_name\" content=\"BI4ol - Le Blog\" \/>\n<meta property=\"article:published_time\" content=\"2020-01-25T22:10:05+00:00\" \/>\n<meta property=\"article:modified_time\" content=\"2020-02-28T10:49:25+00:00\" \/>\n<meta property=\"og:image\" content=\"https:\/\/bi4ol.yj.fr\/blog\/wp-content\/uploads\/2020\/01\/raw.jpg\" \/>\n\t<meta property=\"og:image:width\" content=\"286\" \/>\n\t<meta property=\"og:image:height\" content=\"300\" \/>\n\t<meta property=\"og:image:type\" content=\"image\/jpeg\" \/>\n<meta name=\"author\" content=\"Jonathan\" \/>\n<meta name=\"twitter:card\" content=\"summary_large_image\" \/>\n<meta name=\"twitter:creator\" content=\"@bi4ol\" \/>\n<meta name=\"twitter:site\" content=\"@BI4ol\" \/>\n<meta name=\"twitter:label1\" content=\"\u00c9crit par\" \/>\n\t<meta name=\"twitter:data1\" content=\"Jonathan\" \/>\n\t<meta name=\"twitter:label2\" content=\"Dur\u00e9e de lecture estim\u00e9e\" \/>\n\t<meta name=\"twitter:data2\" content=\"2 minutes\" \/>\n<script type=\"application\/ld+json\" class=\"yoast-schema-graph\">{\"@context\":\"https:\/\/schema.org\",\"@graph\":[{\"@type\":\"Article\",\"@id\":\"https:\/\/bi4ol.yj.fr\/blog\/impossible-dactiver-windows-defender-que-faire\/#article\",\"isPartOf\":{\"@id\":\"https:\/\/bi4ol.yj.fr\/blog\/impossible-dactiver-windows-defender-que-faire\/\"},\"author\":{\"name\":\"Jonathan\",\"@id\":\"https:\/\/bi4ol.yj.fr\/blog\/#\/schema\/person\/741ef653a18cd19359180c4bd0ca2a95\"},\"headline\":\"Impossible d&rsquo;activer Windows Defender, que faire ?\",\"datePublished\":\"2020-01-25T22:10:05+00:00\",\"dateModified\":\"2020-02-28T10:49:25+00:00\",\"mainEntityOfPage\":{\"@id\":\"https:\/\/bi4ol.yj.fr\/blog\/impossible-dactiver-windows-defender-que-faire\/\"},\"wordCount\":374,\"commentCount\":0,\"publisher\":{\"@id\":\"https:\/\/bi4ol.yj.fr\/blog\/#organization\"},\"image\":{\"@id\":\"https:\/\/bi4ol.yj.fr\/blog\/impossible-dactiver-windows-defender-que-faire\/#primaryimage\"},\"thumbnailUrl\":\"https:\/\/bi4ol.yj.fr\/blog\/wp-content\/uploads\/2020\/01\/raw.jpg\",\"keywords\":[\"Antivirus\",\"Windows\",\"Windows Defender\"],\"articleSection\":[\"S\u00e9curit\u00e9\"],\"inLanguage\":\"fr-FR\",\"potentialAction\":[{\"@type\":\"CommentAction\",\"name\":\"Comment\",\"target\":[\"https:\/\/bi4ol.yj.fr\/blog\/impossible-dactiver-windows-defender-que-faire\/#respond\"]}]},{\"@type\":\"WebPage\",\"@id\":\"https:\/\/bi4ol.yj.fr\/blog\/impossible-dactiver-windows-defender-que-faire\/\",\"url\":\"https:\/\/bi4ol.yj.fr\/blog\/impossible-dactiver-windows-defender-que-faire\/\",\"name\":\"Impossible d'activer Windows Defender, que faire ? - BI4ol - Le Blog\",\"isPartOf\":{\"@id\":\"https:\/\/bi4ol.yj.fr\/blog\/#website\"},\"primaryImageOfPage\":{\"@id\":\"https:\/\/bi4ol.yj.fr\/blog\/impossible-dactiver-windows-defender-que-faire\/#primaryimage\"},\"image\":{\"@id\":\"https:\/\/bi4ol.yj.fr\/blog\/impossible-dactiver-windows-defender-que-faire\/#primaryimage\"},\"thumbnailUrl\":\"https:\/\/bi4ol.yj.fr\/blog\/wp-content\/uploads\/2020\/01\/raw.jpg\",\"datePublished\":\"2020-01-25T22:10:05+00:00\",\"dateModified\":\"2020-02-28T10:49:25+00:00\",\"description\":\"Impossible d'activer Windows Defender : Votre protection contre les virus et menaces est g\u00e9r\u00e9e par votre organisation. Voici la solution !\",\"breadcrumb\":{\"@id\":\"https:\/\/bi4ol.yj.fr\/blog\/impossible-dactiver-windows-defender-que-faire\/#breadcrumb\"},\"inLanguage\":\"fr-FR\",\"potentialAction\":[{\"@type\":\"ReadAction\",\"target\":[\"https:\/\/bi4ol.yj.fr\/blog\/impossible-dactiver-windows-defender-que-faire\/\"]}]},{\"@type\":\"ImageObject\",\"inLanguage\":\"fr-FR\",\"@id\":\"https:\/\/bi4ol.yj.fr\/blog\/impossible-dactiver-windows-defender-que-faire\/#primaryimage\",\"url\":\"https:\/\/bi4ol.yj.fr\/blog\/wp-content\/uploads\/2020\/01\/raw.jpg\",\"contentUrl\":\"https:\/\/bi4ol.yj.fr\/blog\/wp-content\/uploads\/2020\/01\/raw.jpg\",\"width\":286,\"height\":300},{\"@type\":\"BreadcrumbList\",\"@id\":\"https:\/\/bi4ol.yj.fr\/blog\/impossible-dactiver-windows-defender-que-faire\/#breadcrumb\",\"itemListElement\":[{\"@type\":\"ListItem\",\"position\":1,\"name\":\"Accueil\",\"item\":\"https:\/\/bi4ol.yj.fr\/blog\/\"},{\"@type\":\"ListItem\",\"position\":2,\"name\":\"Impossible d&rsquo;activer Windows Defender, que faire ?\"}]},{\"@type\":\"WebSite\",\"@id\":\"https:\/\/bi4ol.yj.fr\/blog\/#website\",\"url\":\"https:\/\/bi4ol.yj.fr\/blog\/\",\"name\":\"BI4ol - Le Blog\",\"description\":\"Blog informatique, Internet et plein d&#039;autres choses...\",\"publisher\":{\"@id\":\"https:\/\/bi4ol.yj.fr\/blog\/#organization\"},\"potentialAction\":[{\"@type\":\"SearchAction\",\"target\":{\"@type\":\"EntryPoint\",\"urlTemplate\":\"https:\/\/bi4ol.yj.fr\/blog\/?s={search_term_string}\"},\"query-input\":{\"@type\":\"PropertyValueSpecification\",\"valueRequired\":true,\"valueName\":\"search_term_string\"}}],\"inLanguage\":\"fr-FR\"},{\"@type\":\"Organization\",\"@id\":\"https:\/\/bi4ol.yj.fr\/blog\/#organization\",\"name\":\"BI4ol\",\"url\":\"https:\/\/bi4ol.yj.fr\/blog\/\",\"logo\":{\"@type\":\"ImageObject\",\"inLanguage\":\"fr-FR\",\"@id\":\"https:\/\/bi4ol.yj.fr\/blog\/#\/schema\/logo\/image\/\",\"url\":\"https:\/\/bi4ol.yj.fr\/blog\/wp-content\/uploads\/2019\/04\/Logo.png\",\"contentUrl\":\"https:\/\/bi4ol.yj.fr\/blog\/wp-content\/uploads\/2019\/04\/Logo.png\",\"width\":200,\"height\":200,\"caption\":\"BI4ol\"},\"image\":{\"@id\":\"https:\/\/bi4ol.yj.fr\/blog\/#\/schema\/logo\/image\/\"},\"sameAs\":[\"https:\/\/x.com\/BI4ol\"]},{\"@type\":\"Person\",\"@id\":\"https:\/\/bi4ol.yj.fr\/blog\/#\/schema\/person\/741ef653a18cd19359180c4bd0ca2a95\",\"name\":\"Jonathan\",\"image\":{\"@type\":\"ImageObject\",\"inLanguage\":\"fr-FR\",\"@id\":\"https:\/\/bi4ol.yj.fr\/blog\/#\/schema\/person\/image\/\",\"url\":\"https:\/\/secure.gravatar.com\/avatar\/4ad3a76258d17b5bee326ab739e2a50201588b37fe8a2c5194187a6db9ddf15d?s=96&d=mm&r=g\",\"contentUrl\":\"https:\/\/secure.gravatar.com\/avatar\/4ad3a76258d17b5bee326ab739e2a50201588b37fe8a2c5194187a6db9ddf15d?s=96&d=mm&r=g\",\"caption\":\"Jonathan\"},\"description\":\"Je suis passionn\u00e9 d'informatique et un peu touche \u00e0 tout dans le domaine ! Autant de la programmation, du web que de la maintenance ou encore de la s\u00e9curit\u00e9. C'est bien trop passionnant pour ne s'arr\u00eater qu'\u00e0 une facette de l'informatique... Je suis \u00e9galement formateur en informatique pour une association.\",\"sameAs\":[\"https:\/\/bi4ol.yj.fr\",\"https:\/\/x.com\/bi4ol\"],\"url\":\"https:\/\/bi4ol.yj.fr\/blog\/author\/jonathan\/\"}]}<\/script>\n<!-- \/ Yoast SEO plugin. -->","yoast_head_json":{"title":"Impossible d'activer Windows Defender, que faire ? - BI4ol - Le Blog","description":"Impossible d'activer Windows Defender : Votre protection contre les virus et menaces est g\u00e9r\u00e9e par votre organisation. Voici la solution !","robots":{"index":"index","follow":"follow","max-snippet":"max-snippet:-1","max-image-preview":"max-image-preview:large","max-video-preview":"max-video-preview:-1"},"canonical":"https:\/\/bi4ol.yj.fr\/blog\/impossible-dactiver-windows-defender-que-faire\/","og_locale":"fr_FR","og_type":"article","og_title":"Impossible d'activer Windows Defender, que faire ? - BI4ol - Le Blog","og_description":"Impossible d'activer Windows Defender : Votre protection contre les virus et menaces est g\u00e9r\u00e9e par votre organisation. Voici la solution !","og_url":"https:\/\/bi4ol.yj.fr\/blog\/impossible-dactiver-windows-defender-que-faire\/","og_site_name":"BI4ol - Le Blog","article_published_time":"2020-01-25T22:10:05+00:00","article_modified_time":"2020-02-28T10:49:25+00:00","og_image":[{"width":286,"height":300,"url":"https:\/\/bi4ol.yj.fr\/blog\/wp-content\/uploads\/2020\/01\/raw.jpg","type":"image\/jpeg"}],"author":"Jonathan","twitter_card":"summary_large_image","twitter_creator":"@bi4ol","twitter_site":"@BI4ol","twitter_misc":{"\u00c9crit par":"Jonathan","Dur\u00e9e de lecture estim\u00e9e":"2 minutes"},"schema":{"@context":"https:\/\/schema.org","@graph":[{"@type":"Article","@id":"https:\/\/bi4ol.yj.fr\/blog\/impossible-dactiver-windows-defender-que-faire\/#article","isPartOf":{"@id":"https:\/\/bi4ol.yj.fr\/blog\/impossible-dactiver-windows-defender-que-faire\/"},"author":{"name":"Jonathan","@id":"https:\/\/bi4ol.yj.fr\/blog\/#\/schema\/person\/741ef653a18cd19359180c4bd0ca2a95"},"headline":"Impossible d&rsquo;activer Windows Defender, que faire ?","datePublished":"2020-01-25T22:10:05+00:00","dateModified":"2020-02-28T10:49:25+00:00","mainEntityOfPage":{"@id":"https:\/\/bi4ol.yj.fr\/blog\/impossible-dactiver-windows-defender-que-faire\/"},"wordCount":374,"commentCount":0,"publisher":{"@id":"https:\/\/bi4ol.yj.fr\/blog\/#organization"},"image":{"@id":"https:\/\/bi4ol.yj.fr\/blog\/impossible-dactiver-windows-defender-que-faire\/#primaryimage"},"thumbnailUrl":"https:\/\/bi4ol.yj.fr\/blog\/wp-content\/uploads\/2020\/01\/raw.jpg","keywords":["Antivirus","Windows","Windows Defender"],"articleSection":["S\u00e9curit\u00e9"],"inLanguage":"fr-FR","potentialAction":[{"@type":"CommentAction","name":"Comment","target":["https:\/\/bi4ol.yj.fr\/blog\/impossible-dactiver-windows-defender-que-faire\/#respond"]}]},{"@type":"WebPage","@id":"https:\/\/bi4ol.yj.fr\/blog\/impossible-dactiver-windows-defender-que-faire\/","url":"https:\/\/bi4ol.yj.fr\/blog\/impossible-dactiver-windows-defender-que-faire\/","name":"Impossible d'activer Windows Defender, que faire ? - BI4ol - Le Blog","isPartOf":{"@id":"https:\/\/bi4ol.yj.fr\/blog\/#website"},"primaryImageOfPage":{"@id":"https:\/\/bi4ol.yj.fr\/blog\/impossible-dactiver-windows-defender-que-faire\/#primaryimage"},"image":{"@id":"https:\/\/bi4ol.yj.fr\/blog\/impossible-dactiver-windows-defender-que-faire\/#primaryimage"},"thumbnailUrl":"https:\/\/bi4ol.yj.fr\/blog\/wp-content\/uploads\/2020\/01\/raw.jpg","datePublished":"2020-01-25T22:10:05+00:00","dateModified":"2020-02-28T10:49:25+00:00","description":"Impossible d'activer Windows Defender : Votre protection contre les virus et menaces est g\u00e9r\u00e9e par votre organisation. Voici la solution !","breadcrumb":{"@id":"https:\/\/bi4ol.yj.fr\/blog\/impossible-dactiver-windows-defender-que-faire\/#breadcrumb"},"inLanguage":"fr-FR","potentialAction":[{"@type":"ReadAction","target":["https:\/\/bi4ol.yj.fr\/blog\/impossible-dactiver-windows-defender-que-faire\/"]}]},{"@type":"ImageObject","inLanguage":"fr-FR","@id":"https:\/\/bi4ol.yj.fr\/blog\/impossible-dactiver-windows-defender-que-faire\/#primaryimage","url":"https:\/\/bi4ol.yj.fr\/blog\/wp-content\/uploads\/2020\/01\/raw.jpg","contentUrl":"https:\/\/bi4ol.yj.fr\/blog\/wp-content\/uploads\/2020\/01\/raw.jpg","width":286,"height":300},{"@type":"BreadcrumbList","@id":"https:\/\/bi4ol.yj.fr\/blog\/impossible-dactiver-windows-defender-que-faire\/#breadcrumb","itemListElement":[{"@type":"ListItem","position":1,"name":"Accueil","item":"https:\/\/bi4ol.yj.fr\/blog\/"},{"@type":"ListItem","position":2,"name":"Impossible d&rsquo;activer Windows Defender, que faire ?"}]},{"@type":"WebSite","@id":"https:\/\/bi4ol.yj.fr\/blog\/#website","url":"https:\/\/bi4ol.yj.fr\/blog\/","name":"BI4ol - Le Blog","description":"Blog informatique, Internet et plein d&#039;autres choses...","publisher":{"@id":"https:\/\/bi4ol.yj.fr\/blog\/#organization"},"potentialAction":[{"@type":"SearchAction","target":{"@type":"EntryPoint","urlTemplate":"https:\/\/bi4ol.yj.fr\/blog\/?s={search_term_string}"},"query-input":{"@type":"PropertyValueSpecification","valueRequired":true,"valueName":"search_term_string"}}],"inLanguage":"fr-FR"},{"@type":"Organization","@id":"https:\/\/bi4ol.yj.fr\/blog\/#organization","name":"BI4ol","url":"https:\/\/bi4ol.yj.fr\/blog\/","logo":{"@type":"ImageObject","inLanguage":"fr-FR","@id":"https:\/\/bi4ol.yj.fr\/blog\/#\/schema\/logo\/image\/","url":"https:\/\/bi4ol.yj.fr\/blog\/wp-content\/uploads\/2019\/04\/Logo.png","contentUrl":"https:\/\/bi4ol.yj.fr\/blog\/wp-content\/uploads\/2019\/04\/Logo.png","width":200,"height":200,"caption":"BI4ol"},"image":{"@id":"https:\/\/bi4ol.yj.fr\/blog\/#\/schema\/logo\/image\/"},"sameAs":["https:\/\/x.com\/BI4ol"]},{"@type":"Person","@id":"https:\/\/bi4ol.yj.fr\/blog\/#\/schema\/person\/741ef653a18cd19359180c4bd0ca2a95","name":"Jonathan","image":{"@type":"ImageObject","inLanguage":"fr-FR","@id":"https:\/\/bi4ol.yj.fr\/blog\/#\/schema\/person\/image\/","url":"https:\/\/secure.gravatar.com\/avatar\/4ad3a76258d17b5bee326ab739e2a50201588b37fe8a2c5194187a6db9ddf15d?s=96&d=mm&r=g","contentUrl":"https:\/\/secure.gravatar.com\/avatar\/4ad3a76258d17b5bee326ab739e2a50201588b37fe8a2c5194187a6db9ddf15d?s=96&d=mm&r=g","caption":"Jonathan"},"description":"Je suis passionn\u00e9 d'informatique et un peu touche \u00e0 tout dans le domaine ! Autant de la programmation, du web que de la maintenance ou encore de la s\u00e9curit\u00e9. C'est bien trop passionnant pour ne s'arr\u00eater qu'\u00e0 une facette de l'informatique... Je suis \u00e9galement formateur en informatique pour une association.","sameAs":["https:\/\/bi4ol.yj.fr","https:\/\/x.com\/bi4ol"],"url":"https:\/\/bi4ol.yj.fr\/blog\/author\/jonathan\/"}]}},"_links":{"self":[{"href":"https:\/\/bi4ol.yj.fr\/blog\/wp-json\/wp\/v2\/posts\/238","targetHints":{"allow":["GET"]}}],"collection":[{"href":"https:\/\/bi4ol.yj.fr\/blog\/wp-json\/wp\/v2\/posts"}],"about":[{"href":"https:\/\/bi4ol.yj.fr\/blog\/wp-json\/wp\/v2\/types\/post"}],"author":[{"embeddable":true,"href":"https:\/\/bi4ol.yj.fr\/blog\/wp-json\/wp\/v2\/users\/1"}],"replies":[{"embeddable":true,"href":"https:\/\/bi4ol.yj.fr\/blog\/wp-json\/wp\/v2\/comments?post=238"}],"version-history":[{"count":9,"href":"https:\/\/bi4ol.yj.fr\/blog\/wp-json\/wp\/v2\/posts\/238\/revisions"}],"predecessor-version":[{"id":265,"href":"https:\/\/bi4ol.yj.fr\/blog\/wp-json\/wp\/v2\/posts\/238\/revisions\/265"}],"wp:featuredmedia":[{"embeddable":true,"href":"https:\/\/bi4ol.yj.fr\/blog\/wp-json\/wp\/v2\/media\/316"}],"wp:attachment":[{"href":"https:\/\/bi4ol.yj.fr\/blog\/wp-json\/wp\/v2\/media?parent=238"}],"wp:term":[{"taxonomy":"category","embeddable":true,"href":"https:\/\/bi4ol.yj.fr\/blog\/wp-json\/wp\/v2\/categories?post=238"},{"taxonomy":"post_tag","embeddable":true,"href":"https:\/\/bi4ol.yj.fr\/blog\/wp-json\/wp\/v2\/tags?post=238"}],"curies":[{"name":"wp","href":"https:\/\/api.w.org\/{rel}","templated":true}]}}