{"id":343,"date":"2020-04-10T13:48:03","date_gmt":"2020-04-10T13:48:03","guid":{"rendered":"https:\/\/bi4ol.yj.fr\/blog\/?p=343"},"modified":"2020-04-10T14:07:45","modified_gmt":"2020-04-10T14:07:45","slug":"probleme-de-logo-sur-la-barre-des-taches","status":"publish","type":"post","link":"https:\/\/bi4ol.yj.fr\/blog\/probleme-de-logo-sur-la-barre-des-taches\/","title":{"rendered":"Probl\u00e8me de logo sur la barre des t\u00e2ches"},"content":{"rendered":"\n<p><em>Il arrive fr\u00e9quemment d&rsquo;avoir un probl\u00e8me de logo sur la <a href=\"https:\/\/www.premiers-clics.fr\/cours-informatique\/windows-la-barre-des-taches\/\" target=\"_blank\" rel=\"noreferrer noopener\">barre des t\u00e2ches<\/a> dans Windows. En effet, le logo affich\u00e9 n&rsquo;est parfois pas le bon.<\/em> <em>On retrouve<\/em> <em>plut\u00f4t une ic\u00f4ne par d\u00e9faut sans rapport avec le programme ouvert.<\/em><\/p>\n\n\n\n<p><\/p>\n\n\n\n<h2 class=\"wp-block-heading\">Pourquoi ce probl\u00e8me de logo sur la barre des t\u00e2ches ?<\/h2>\n\n\n\n<p>Il y a deux fautifs possibles : le logiciel en lui-m\u00eame ou la barre des t\u00e2ches. Mais bien souvent c&rsquo;est la barre des t\u00e2ches qui cause cette erreur d&rsquo;affichage. <\/p>\n\n\n\n<div class=\"wp-block-image\"><figure class=\"aligncenter size-large\"><a href=\"https:\/\/bi4ol.yj.fr\/blog\/wp-content\/uploads\/2020\/04\/barredestachescassee.jpg\" target=\"_blank\" rel=\"noopener noreferrer\"><img loading=\"lazy\" decoding=\"async\" width=\"582\" height=\"128\" src=\"https:\/\/bi4ol.yj.fr\/blog\/wp-content\/uploads\/2020\/04\/barredestachescassee.jpg\" alt=\"Probl\u00e8me d'affichage de logo dans la barre des t\u00e2ches\" class=\"wp-image-344\" srcset=\"https:\/\/bi4ol.yj.fr\/blog\/wp-content\/uploads\/2020\/04\/barredestachescassee.jpg 582w, https:\/\/bi4ol.yj.fr\/blog\/wp-content\/uploads\/2020\/04\/barredestachescassee-300x66.jpg 300w\" sizes=\"auto, (max-width: 582px) 100vw, 582px\" \/><\/a><figcaption>Probl\u00e8me d&rsquo;affichage de logo dans la barre des t\u00e2ches. Ici c&rsquo;est Acrobat Reader qui s&rsquo;affiche mal.<\/figcaption><\/figure><\/div>\n\n\n\n<h4 class=\"wp-block-heading\">Qui g\u00e8re la barre des t\u00e2ches ?<\/h4>\n\n\n\n<p>Bizarrement (ou pas), dans Windows, c&rsquo;est l&rsquo;<a rel=\"noreferrer noopener\" href=\"https:\/\/fr.wikipedia.org\/wiki\/Explorateur_Windows\" target=\"_blank\">Explorateur Windows<\/a> qui g\u00e8re la barre des t\u00e2ches. C&rsquo;est donc lui que l&rsquo;on va venir trifouiller !<\/p>\n\n\n\n<br\/><br\/>\n\n\n\n<h2 class=\"wp-block-heading\">Comment r\u00e9soudre le probl\u00e8me ?<\/h2>\n\n\n\n<p>Nous allons tout simplement red\u00e9marrer l&rsquo;explorateur Windows, pour qu&rsquo;il revienne \u00e0 son \u00e9tat d&rsquo;origine.<\/p>\n\n\n\n<p><em>Cette astuce fonctionne dans la grande majorit\u00e9 des probl\u00e8mes rencontr\u00e9es avec la barre des t\u00e2ches. <\/em><\/p>\n\n\n\n<p>Commencez par ouvrir le gestionnaire des t\u00e2ches. Pour cela, faites un clic droit sur la barre des t\u00e2ches et cliquez sur <strong>ouvrir le gestionnaire des t\u00e2ches<\/strong>. Trouvez le processus Explorateur Windows, ou explorer.exe pour les versions plus anciennes de Windows. Enfin, s\u00e9lectionnez le processus et cliquez sur Red\u00e9marrer. <\/p>\n\n\n\n<p><\/p>\n\n\n\n<div class=\"wp-block-image\"><figure class=\"aligncenter size-large\"><a href=\"https:\/\/bi4ol.yj.fr\/blog\/wp-content\/uploads\/2020\/04\/gestionnairedestaches.jpg\" target=\"_blank\" rel=\"noopener noreferrer\"><img loading=\"lazy\" decoding=\"async\" width=\"918\" height=\"636\" src=\"https:\/\/bi4ol.yj.fr\/blog\/wp-content\/uploads\/2020\/04\/gestionnairedestaches.jpg\" alt=\"Probl\u00e8me de logo dans la barre des t\u00e2ches : Ouvrir le gestionnaire de t\u00e2che pour Red\u00e9marrer l'Explorateur Windows\" class=\"wp-image-346\" srcset=\"https:\/\/bi4ol.yj.fr\/blog\/wp-content\/uploads\/2020\/04\/gestionnairedestaches.jpg 918w, https:\/\/bi4ol.yj.fr\/blog\/wp-content\/uploads\/2020\/04\/gestionnairedestaches-300x208.jpg 300w, https:\/\/bi4ol.yj.fr\/blog\/wp-content\/uploads\/2020\/04\/gestionnairedestaches-768x532.jpg 768w\" sizes=\"auto, (max-width: 918px) 100vw, 918px\" \/><\/a><figcaption>Ouvrir le gestionnaire de t\u00e2che pour Red\u00e9marrer l&rsquo;Explorateur Windows <\/figcaption><\/figure><\/div>\n\n\n\n<p>Pour les plus anciennes versions, faites clic droit puis Fin de t\u00e2che pour arr\u00eater l&rsquo;explorateur windows. Pour le relancer, rester dans le gestionnaire des t\u00e2ches et cliquez sur Fichier puis Executer une nouvelle t\u00e2che. Dans la nouvelle fen\u00eatre, \u00e9crivez explorer.exe.<\/p>\n\n\n\n<div class=\"wp-block-image\"><figure class=\"aligncenter size-large\"><a href=\"https:\/\/bi4ol.yj.fr\/blog\/wp-content\/uploads\/2020\/04\/nouvelletache.jpg\" target=\"_blank\" rel=\"noopener noreferrer\"><img loading=\"lazy\" decoding=\"async\" width=\"343\" height=\"144\" src=\"https:\/\/bi4ol.yj.fr\/blog\/wp-content\/uploads\/2020\/04\/nouvelletache.jpg\" alt=\"Probl\u00e8me de logo dans la barre des t\u00e2ches : ex\u00e9cuter \u00e0 nouveau l'explorateur windows\" class=\"wp-image-347\" srcset=\"https:\/\/bi4ol.yj.fr\/blog\/wp-content\/uploads\/2020\/04\/nouvelletache.jpg 343w, https:\/\/bi4ol.yj.fr\/blog\/wp-content\/uploads\/2020\/04\/nouvelletache-300x126.jpg 300w\" sizes=\"auto, (max-width: 343px) 100vw, 343px\" \/><\/a><figcaption>Ex\u00e9cuter \u00e0 nouveau l&rsquo;explorateur Windows<\/figcaption><\/figure><\/div>\n\n\n\n<div class=\"wp-block-image\"><figure class=\"aligncenter size-large\"><a href=\"https:\/\/bi4ol.yj.fr\/blog\/wp-content\/uploads\/2020\/04\/nouvelletache2.jpg\" target=\"_blank\" rel=\"noopener noreferrer\"><img loading=\"lazy\" decoding=\"async\" width=\"408\" height=\"226\" src=\"https:\/\/bi4ol.yj.fr\/blog\/wp-content\/uploads\/2020\/04\/nouvelletache2.jpg\" alt=\"ex\u00e9cuter \u00e0 nouveau l'explorateur windows\" class=\"wp-image-348\" srcset=\"https:\/\/bi4ol.yj.fr\/blog\/wp-content\/uploads\/2020\/04\/nouvelletache2.jpg 408w, https:\/\/bi4ol.yj.fr\/blog\/wp-content\/uploads\/2020\/04\/nouvelletache2-300x166.jpg 300w\" sizes=\"auto, (max-width: 408px) 100vw, 408px\" \/><\/a><figcaption>Ex\u00e9cuter \u00e0 nouveau l&rsquo;explorateur Windows<\/figcaption><\/figure><\/div>\n\n\n\n<p>En red\u00e9marrant ainsi l&rsquo;explorateur Windows, celui-ci corrige les erreurs. Ainsi, vous devriez retrouver votre barre des t\u00e2ches dans son \u00e9tat d&rsquo;origine. Adieu le probl\u00e8me de logo dans la barre des t\u00e2ches !<\/p>\n\n\n\n<div class=\"wp-block-image\"><figure class=\"aligncenter size-large\"><a href=\"https:\/\/bi4ol.yj.fr\/blog\/wp-content\/uploads\/2020\/04\/barredestachesreparee.jpg\" target=\"_blank\" rel=\"noopener noreferrer\"><img loading=\"lazy\" decoding=\"async\" width=\"570\" height=\"123\" src=\"https:\/\/bi4ol.yj.fr\/blog\/wp-content\/uploads\/2020\/04\/barredestachesreparee.jpg\" alt=\"Le probl\u00e8me de logo dans la barre des t\u00e2ches est r\u00e9solu\" class=\"wp-image-350\" srcset=\"https:\/\/bi4ol.yj.fr\/blog\/wp-content\/uploads\/2020\/04\/barredestachesreparee.jpg 570w, https:\/\/bi4ol.yj.fr\/blog\/wp-content\/uploads\/2020\/04\/barredestachesreparee-300x65.jpg 300w\" sizes=\"auto, (max-width: 570px) 100vw, 570px\" \/><\/a><figcaption>La barre des t\u00e2ches est r\u00e9par\u00e9e ! Acrobat Reader a retrouv\u00e9 son logo.<\/figcaption><\/figure><\/div>\n\n\n\n<p style=\"background-color:#1a57a5;color:#ffffff;text-align:center\" class=\"has-text-color has-background\">Besoin d&rsquo;aide pour r\u00e9parer votre ordinateur ? Faites appel \u00e0 nos services.<br> <strong style=\"text-decoration:underline;\"><a href=\"..\/..\/..\/..\/..\/maintenance.html\">BI4ol prend soin de votre ordinateur<\/a><\/strong>.<\/p>\n","protected":false},"excerpt":{"rendered":"<p>Il arrive fr\u00e9quemment d&rsquo;avoir un probl\u00e8me de logo sur la barre des t\u00e2ches dans Windows. En effet, le logo affich\u00e9 n&rsquo;est parfois pas le bon. On retrouve plut\u00f4t une ic\u00f4ne par d\u00e9faut sans rapport avec le programme ouvert. Pourquoi ce probl\u00e8me de logo sur la barre des t\u00e2ches ? Il y a deux fautifs possibles<\/p>\n<p><a href=\"https:\/\/bi4ol.yj.fr\/blog\/probleme-de-logo-sur-la-barre-des-taches\/\" class=\"more-link\">Lire la suite<\/a><\/p>\n","protected":false},"author":1,"featured_media":356,"comment_status":"open","ping_status":"open","sticky":false,"template":"","format":"standard","meta":{"footnotes":""},"categories":[3],"tags":[21,19],"class_list":["post-343","post","type-post","status-publish","format-standard","has-post-thumbnail","hentry","category-maintenance","tag-maintenance","tag-windows"],"yoast_head":"<!-- This site is optimized with the Yoast SEO plugin v24.9 - https:\/\/yoast.com\/wordpress\/plugins\/seo\/ -->\n<title>Probl\u00e8me de logo sur la barre des t\u00e2ches - BI4ol - Le Blog<\/title>\n<meta name=\"description\" content=\"Un probl\u00e8me de logo sur la barre des t\u00e2ches ? Voici la m\u00e9thode pas-\u00e0-pas d\u00e9taill\u00e9e pour r\u00e9soudre ce type de probl\u00e8me dans Windows.\" \/>\n<meta name=\"robots\" content=\"index, follow, max-snippet:-1, max-image-preview:large, max-video-preview:-1\" \/>\n<link rel=\"canonical\" href=\"https:\/\/bi4ol.yj.fr\/blog\/probleme-de-logo-sur-la-barre-des-taches\/\" \/>\n<meta property=\"og:locale\" content=\"fr_FR\" \/>\n<meta property=\"og:type\" content=\"article\" \/>\n<meta property=\"og:title\" content=\"Probl\u00e8me de logo sur la barre des t\u00e2ches - BI4ol - Le Blog\" \/>\n<meta property=\"og:description\" content=\"Un probl\u00e8me de logo sur la barre des t\u00e2ches ? Voici la m\u00e9thode pas-\u00e0-pas d\u00e9taill\u00e9e pour r\u00e9soudre ce type de probl\u00e8me dans Windows.\" \/>\n<meta property=\"og:url\" content=\"https:\/\/bi4ol.yj.fr\/blog\/probleme-de-logo-sur-la-barre-des-taches\/\" \/>\n<meta property=\"og:site_name\" content=\"BI4ol - Le Blog\" \/>\n<meta property=\"article:published_time\" content=\"2020-04-10T13:48:03+00:00\" \/>\n<meta property=\"article:modified_time\" content=\"2020-04-10T14:07:45+00:00\" \/>\n<meta property=\"og:image\" content=\"https:\/\/bi4ol.yj.fr\/blog\/wp-content\/uploads\/2020\/04\/barredestaches.jpg\" \/>\n\t<meta property=\"og:image:width\" content=\"444\" \/>\n\t<meta property=\"og:image:height\" content=\"43\" \/>\n\t<meta property=\"og:image:type\" content=\"image\/jpeg\" \/>\n<meta name=\"author\" content=\"Jonathan\" \/>\n<meta name=\"twitter:card\" content=\"summary_large_image\" \/>\n<meta name=\"twitter:creator\" content=\"@bi4ol\" \/>\n<meta name=\"twitter:site\" content=\"@BI4ol\" \/>\n<meta name=\"twitter:label1\" content=\"\u00c9crit par\" \/>\n\t<meta name=\"twitter:data1\" content=\"Jonathan\" \/>\n\t<meta name=\"twitter:label2\" content=\"Dur\u00e9e de lecture estim\u00e9e\" \/>\n\t<meta name=\"twitter:data2\" content=\"2 minutes\" \/>\n<script type=\"application\/ld+json\" class=\"yoast-schema-graph\">{\"@context\":\"https:\/\/schema.org\",\"@graph\":[{\"@type\":\"Article\",\"@id\":\"https:\/\/bi4ol.yj.fr\/blog\/probleme-de-logo-sur-la-barre-des-taches\/#article\",\"isPartOf\":{\"@id\":\"https:\/\/bi4ol.yj.fr\/blog\/probleme-de-logo-sur-la-barre-des-taches\/\"},\"author\":{\"name\":\"Jonathan\",\"@id\":\"https:\/\/bi4ol.yj.fr\/blog\/#\/schema\/person\/741ef653a18cd19359180c4bd0ca2a95\"},\"headline\":\"Probl\u00e8me de logo sur la barre des t\u00e2ches\",\"datePublished\":\"2020-04-10T13:48:03+00:00\",\"dateModified\":\"2020-04-10T14:07:45+00:00\",\"mainEntityOfPage\":{\"@id\":\"https:\/\/bi4ol.yj.fr\/blog\/probleme-de-logo-sur-la-barre-des-taches\/\"},\"wordCount\":356,\"commentCount\":0,\"publisher\":{\"@id\":\"https:\/\/bi4ol.yj.fr\/blog\/#organization\"},\"image\":{\"@id\":\"https:\/\/bi4ol.yj.fr\/blog\/probleme-de-logo-sur-la-barre-des-taches\/#primaryimage\"},\"thumbnailUrl\":\"https:\/\/bi4ol.yj.fr\/blog\/wp-content\/uploads\/2020\/04\/barredestaches.jpg\",\"keywords\":[\"Maintenance\",\"Windows\"],\"articleSection\":[\"Maintenance\"],\"inLanguage\":\"fr-FR\",\"potentialAction\":[{\"@type\":\"CommentAction\",\"name\":\"Comment\",\"target\":[\"https:\/\/bi4ol.yj.fr\/blog\/probleme-de-logo-sur-la-barre-des-taches\/#respond\"]}]},{\"@type\":\"WebPage\",\"@id\":\"https:\/\/bi4ol.yj.fr\/blog\/probleme-de-logo-sur-la-barre-des-taches\/\",\"url\":\"https:\/\/bi4ol.yj.fr\/blog\/probleme-de-logo-sur-la-barre-des-taches\/\",\"name\":\"Probl\u00e8me de logo sur la barre des t\u00e2ches - BI4ol - Le Blog\",\"isPartOf\":{\"@id\":\"https:\/\/bi4ol.yj.fr\/blog\/#website\"},\"primaryImageOfPage\":{\"@id\":\"https:\/\/bi4ol.yj.fr\/blog\/probleme-de-logo-sur-la-barre-des-taches\/#primaryimage\"},\"image\":{\"@id\":\"https:\/\/bi4ol.yj.fr\/blog\/probleme-de-logo-sur-la-barre-des-taches\/#primaryimage\"},\"thumbnailUrl\":\"https:\/\/bi4ol.yj.fr\/blog\/wp-content\/uploads\/2020\/04\/barredestaches.jpg\",\"datePublished\":\"2020-04-10T13:48:03+00:00\",\"dateModified\":\"2020-04-10T14:07:45+00:00\",\"description\":\"Un probl\u00e8me de logo sur la barre des t\u00e2ches ? Voici la m\u00e9thode pas-\u00e0-pas d\u00e9taill\u00e9e pour r\u00e9soudre ce type de probl\u00e8me dans Windows.\",\"breadcrumb\":{\"@id\":\"https:\/\/bi4ol.yj.fr\/blog\/probleme-de-logo-sur-la-barre-des-taches\/#breadcrumb\"},\"inLanguage\":\"fr-FR\",\"potentialAction\":[{\"@type\":\"ReadAction\",\"target\":[\"https:\/\/bi4ol.yj.fr\/blog\/probleme-de-logo-sur-la-barre-des-taches\/\"]}]},{\"@type\":\"ImageObject\",\"inLanguage\":\"fr-FR\",\"@id\":\"https:\/\/bi4ol.yj.fr\/blog\/probleme-de-logo-sur-la-barre-des-taches\/#primaryimage\",\"url\":\"https:\/\/bi4ol.yj.fr\/blog\/wp-content\/uploads\/2020\/04\/barredestaches.jpg\",\"contentUrl\":\"https:\/\/bi4ol.yj.fr\/blog\/wp-content\/uploads\/2020\/04\/barredestaches.jpg\",\"width\":444,\"height\":43},{\"@type\":\"BreadcrumbList\",\"@id\":\"https:\/\/bi4ol.yj.fr\/blog\/probleme-de-logo-sur-la-barre-des-taches\/#breadcrumb\",\"itemListElement\":[{\"@type\":\"ListItem\",\"position\":1,\"name\":\"Accueil\",\"item\":\"https:\/\/bi4ol.yj.fr\/blog\/\"},{\"@type\":\"ListItem\",\"position\":2,\"name\":\"Probl\u00e8me de logo sur la barre des t\u00e2ches\"}]},{\"@type\":\"WebSite\",\"@id\":\"https:\/\/bi4ol.yj.fr\/blog\/#website\",\"url\":\"https:\/\/bi4ol.yj.fr\/blog\/\",\"name\":\"BI4ol - Le Blog\",\"description\":\"Blog informatique, Internet et plein d&#039;autres choses...\",\"publisher\":{\"@id\":\"https:\/\/bi4ol.yj.fr\/blog\/#organization\"},\"potentialAction\":[{\"@type\":\"SearchAction\",\"target\":{\"@type\":\"EntryPoint\",\"urlTemplate\":\"https:\/\/bi4ol.yj.fr\/blog\/?s={search_term_string}\"},\"query-input\":{\"@type\":\"PropertyValueSpecification\",\"valueRequired\":true,\"valueName\":\"search_term_string\"}}],\"inLanguage\":\"fr-FR\"},{\"@type\":\"Organization\",\"@id\":\"https:\/\/bi4ol.yj.fr\/blog\/#organization\",\"name\":\"BI4ol\",\"url\":\"https:\/\/bi4ol.yj.fr\/blog\/\",\"logo\":{\"@type\":\"ImageObject\",\"inLanguage\":\"fr-FR\",\"@id\":\"https:\/\/bi4ol.yj.fr\/blog\/#\/schema\/logo\/image\/\",\"url\":\"https:\/\/bi4ol.yj.fr\/blog\/wp-content\/uploads\/2019\/04\/Logo.png\",\"contentUrl\":\"https:\/\/bi4ol.yj.fr\/blog\/wp-content\/uploads\/2019\/04\/Logo.png\",\"width\":200,\"height\":200,\"caption\":\"BI4ol\"},\"image\":{\"@id\":\"https:\/\/bi4ol.yj.fr\/blog\/#\/schema\/logo\/image\/\"},\"sameAs\":[\"https:\/\/x.com\/BI4ol\"]},{\"@type\":\"Person\",\"@id\":\"https:\/\/bi4ol.yj.fr\/blog\/#\/schema\/person\/741ef653a18cd19359180c4bd0ca2a95\",\"name\":\"Jonathan\",\"image\":{\"@type\":\"ImageObject\",\"inLanguage\":\"fr-FR\",\"@id\":\"https:\/\/bi4ol.yj.fr\/blog\/#\/schema\/person\/image\/\",\"url\":\"https:\/\/secure.gravatar.com\/avatar\/4ad3a76258d17b5bee326ab739e2a50201588b37fe8a2c5194187a6db9ddf15d?s=96&d=mm&r=g\",\"contentUrl\":\"https:\/\/secure.gravatar.com\/avatar\/4ad3a76258d17b5bee326ab739e2a50201588b37fe8a2c5194187a6db9ddf15d?s=96&d=mm&r=g\",\"caption\":\"Jonathan\"},\"description\":\"Je suis passionn\u00e9 d'informatique et un peu touche \u00e0 tout dans le domaine ! Autant de la programmation, du web que de la maintenance ou encore de la s\u00e9curit\u00e9. C'est bien trop passionnant pour ne s'arr\u00eater qu'\u00e0 une facette de l'informatique... Je suis \u00e9galement formateur en informatique pour une association.\",\"sameAs\":[\"https:\/\/bi4ol.yj.fr\",\"https:\/\/x.com\/bi4ol\"],\"url\":\"https:\/\/bi4ol.yj.fr\/blog\/author\/jonathan\/\"}]}<\/script>\n<!-- \/ Yoast SEO plugin. -->","yoast_head_json":{"title":"Probl\u00e8me de logo sur la barre des t\u00e2ches - BI4ol - Le Blog","description":"Un probl\u00e8me de logo sur la barre des t\u00e2ches ? Voici la m\u00e9thode pas-\u00e0-pas d\u00e9taill\u00e9e pour r\u00e9soudre ce type de probl\u00e8me dans Windows.","robots":{"index":"index","follow":"follow","max-snippet":"max-snippet:-1","max-image-preview":"max-image-preview:large","max-video-preview":"max-video-preview:-1"},"canonical":"https:\/\/bi4ol.yj.fr\/blog\/probleme-de-logo-sur-la-barre-des-taches\/","og_locale":"fr_FR","og_type":"article","og_title":"Probl\u00e8me de logo sur la barre des t\u00e2ches - BI4ol - Le Blog","og_description":"Un probl\u00e8me de logo sur la barre des t\u00e2ches ? Voici la m\u00e9thode pas-\u00e0-pas d\u00e9taill\u00e9e pour r\u00e9soudre ce type de probl\u00e8me dans Windows.","og_url":"https:\/\/bi4ol.yj.fr\/blog\/probleme-de-logo-sur-la-barre-des-taches\/","og_site_name":"BI4ol - Le Blog","article_published_time":"2020-04-10T13:48:03+00:00","article_modified_time":"2020-04-10T14:07:45+00:00","og_image":[{"width":444,"height":43,"url":"https:\/\/bi4ol.yj.fr\/blog\/wp-content\/uploads\/2020\/04\/barredestaches.jpg","type":"image\/jpeg"}],"author":"Jonathan","twitter_card":"summary_large_image","twitter_creator":"@bi4ol","twitter_site":"@BI4ol","twitter_misc":{"\u00c9crit par":"Jonathan","Dur\u00e9e de lecture estim\u00e9e":"2 minutes"},"schema":{"@context":"https:\/\/schema.org","@graph":[{"@type":"Article","@id":"https:\/\/bi4ol.yj.fr\/blog\/probleme-de-logo-sur-la-barre-des-taches\/#article","isPartOf":{"@id":"https:\/\/bi4ol.yj.fr\/blog\/probleme-de-logo-sur-la-barre-des-taches\/"},"author":{"name":"Jonathan","@id":"https:\/\/bi4ol.yj.fr\/blog\/#\/schema\/person\/741ef653a18cd19359180c4bd0ca2a95"},"headline":"Probl\u00e8me de logo sur la barre des t\u00e2ches","datePublished":"2020-04-10T13:48:03+00:00","dateModified":"2020-04-10T14:07:45+00:00","mainEntityOfPage":{"@id":"https:\/\/bi4ol.yj.fr\/blog\/probleme-de-logo-sur-la-barre-des-taches\/"},"wordCount":356,"commentCount":0,"publisher":{"@id":"https:\/\/bi4ol.yj.fr\/blog\/#organization"},"image":{"@id":"https:\/\/bi4ol.yj.fr\/blog\/probleme-de-logo-sur-la-barre-des-taches\/#primaryimage"},"thumbnailUrl":"https:\/\/bi4ol.yj.fr\/blog\/wp-content\/uploads\/2020\/04\/barredestaches.jpg","keywords":["Maintenance","Windows"],"articleSection":["Maintenance"],"inLanguage":"fr-FR","potentialAction":[{"@type":"CommentAction","name":"Comment","target":["https:\/\/bi4ol.yj.fr\/blog\/probleme-de-logo-sur-la-barre-des-taches\/#respond"]}]},{"@type":"WebPage","@id":"https:\/\/bi4ol.yj.fr\/blog\/probleme-de-logo-sur-la-barre-des-taches\/","url":"https:\/\/bi4ol.yj.fr\/blog\/probleme-de-logo-sur-la-barre-des-taches\/","name":"Probl\u00e8me de logo sur la barre des t\u00e2ches - BI4ol - Le Blog","isPartOf":{"@id":"https:\/\/bi4ol.yj.fr\/blog\/#website"},"primaryImageOfPage":{"@id":"https:\/\/bi4ol.yj.fr\/blog\/probleme-de-logo-sur-la-barre-des-taches\/#primaryimage"},"image":{"@id":"https:\/\/bi4ol.yj.fr\/blog\/probleme-de-logo-sur-la-barre-des-taches\/#primaryimage"},"thumbnailUrl":"https:\/\/bi4ol.yj.fr\/blog\/wp-content\/uploads\/2020\/04\/barredestaches.jpg","datePublished":"2020-04-10T13:48:03+00:00","dateModified":"2020-04-10T14:07:45+00:00","description":"Un probl\u00e8me de logo sur la barre des t\u00e2ches ? Voici la m\u00e9thode pas-\u00e0-pas d\u00e9taill\u00e9e pour r\u00e9soudre ce type de probl\u00e8me dans Windows.","breadcrumb":{"@id":"https:\/\/bi4ol.yj.fr\/blog\/probleme-de-logo-sur-la-barre-des-taches\/#breadcrumb"},"inLanguage":"fr-FR","potentialAction":[{"@type":"ReadAction","target":["https:\/\/bi4ol.yj.fr\/blog\/probleme-de-logo-sur-la-barre-des-taches\/"]}]},{"@type":"ImageObject","inLanguage":"fr-FR","@id":"https:\/\/bi4ol.yj.fr\/blog\/probleme-de-logo-sur-la-barre-des-taches\/#primaryimage","url":"https:\/\/bi4ol.yj.fr\/blog\/wp-content\/uploads\/2020\/04\/barredestaches.jpg","contentUrl":"https:\/\/bi4ol.yj.fr\/blog\/wp-content\/uploads\/2020\/04\/barredestaches.jpg","width":444,"height":43},{"@type":"BreadcrumbList","@id":"https:\/\/bi4ol.yj.fr\/blog\/probleme-de-logo-sur-la-barre-des-taches\/#breadcrumb","itemListElement":[{"@type":"ListItem","position":1,"name":"Accueil","item":"https:\/\/bi4ol.yj.fr\/blog\/"},{"@type":"ListItem","position":2,"name":"Probl\u00e8me de logo sur la barre des t\u00e2ches"}]},{"@type":"WebSite","@id":"https:\/\/bi4ol.yj.fr\/blog\/#website","url":"https:\/\/bi4ol.yj.fr\/blog\/","name":"BI4ol - Le Blog","description":"Blog informatique, Internet et plein d&#039;autres choses...","publisher":{"@id":"https:\/\/bi4ol.yj.fr\/blog\/#organization"},"potentialAction":[{"@type":"SearchAction","target":{"@type":"EntryPoint","urlTemplate":"https:\/\/bi4ol.yj.fr\/blog\/?s={search_term_string}"},"query-input":{"@type":"PropertyValueSpecification","valueRequired":true,"valueName":"search_term_string"}}],"inLanguage":"fr-FR"},{"@type":"Organization","@id":"https:\/\/bi4ol.yj.fr\/blog\/#organization","name":"BI4ol","url":"https:\/\/bi4ol.yj.fr\/blog\/","logo":{"@type":"ImageObject","inLanguage":"fr-FR","@id":"https:\/\/bi4ol.yj.fr\/blog\/#\/schema\/logo\/image\/","url":"https:\/\/bi4ol.yj.fr\/blog\/wp-content\/uploads\/2019\/04\/Logo.png","contentUrl":"https:\/\/bi4ol.yj.fr\/blog\/wp-content\/uploads\/2019\/04\/Logo.png","width":200,"height":200,"caption":"BI4ol"},"image":{"@id":"https:\/\/bi4ol.yj.fr\/blog\/#\/schema\/logo\/image\/"},"sameAs":["https:\/\/x.com\/BI4ol"]},{"@type":"Person","@id":"https:\/\/bi4ol.yj.fr\/blog\/#\/schema\/person\/741ef653a18cd19359180c4bd0ca2a95","name":"Jonathan","image":{"@type":"ImageObject","inLanguage":"fr-FR","@id":"https:\/\/bi4ol.yj.fr\/blog\/#\/schema\/person\/image\/","url":"https:\/\/secure.gravatar.com\/avatar\/4ad3a76258d17b5bee326ab739e2a50201588b37fe8a2c5194187a6db9ddf15d?s=96&d=mm&r=g","contentUrl":"https:\/\/secure.gravatar.com\/avatar\/4ad3a76258d17b5bee326ab739e2a50201588b37fe8a2c5194187a6db9ddf15d?s=96&d=mm&r=g","caption":"Jonathan"},"description":"Je suis passionn\u00e9 d'informatique et un peu touche \u00e0 tout dans le domaine ! Autant de la programmation, du web que de la maintenance ou encore de la s\u00e9curit\u00e9. C'est bien trop passionnant pour ne s'arr\u00eater qu'\u00e0 une facette de l'informatique... Je suis \u00e9galement formateur en informatique pour une association.","sameAs":["https:\/\/bi4ol.yj.fr","https:\/\/x.com\/bi4ol"],"url":"https:\/\/bi4ol.yj.fr\/blog\/author\/jonathan\/"}]}},"_links":{"self":[{"href":"https:\/\/bi4ol.yj.fr\/blog\/wp-json\/wp\/v2\/posts\/343","targetHints":{"allow":["GET"]}}],"collection":[{"href":"https:\/\/bi4ol.yj.fr\/blog\/wp-json\/wp\/v2\/posts"}],"about":[{"href":"https:\/\/bi4ol.yj.fr\/blog\/wp-json\/wp\/v2\/types\/post"}],"author":[{"embeddable":true,"href":"https:\/\/bi4ol.yj.fr\/blog\/wp-json\/wp\/v2\/users\/1"}],"replies":[{"embeddable":true,"href":"https:\/\/bi4ol.yj.fr\/blog\/wp-json\/wp\/v2\/comments?post=343"}],"version-history":[{"count":6,"href":"https:\/\/bi4ol.yj.fr\/blog\/wp-json\/wp\/v2\/posts\/343\/revisions"}],"predecessor-version":[{"id":354,"href":"https:\/\/bi4ol.yj.fr\/blog\/wp-json\/wp\/v2\/posts\/343\/revisions\/354"}],"wp:featuredmedia":[{"embeddable":true,"href":"https:\/\/bi4ol.yj.fr\/blog\/wp-json\/wp\/v2\/media\/356"}],"wp:attachment":[{"href":"https:\/\/bi4ol.yj.fr\/blog\/wp-json\/wp\/v2\/media?parent=343"}],"wp:term":[{"taxonomy":"category","embeddable":true,"href":"https:\/\/bi4ol.yj.fr\/blog\/wp-json\/wp\/v2\/categories?post=343"},{"taxonomy":"post_tag","embeddable":true,"href":"https:\/\/bi4ol.yj.fr\/blog\/wp-json\/wp\/v2\/tags?post=343"}],"curies":[{"name":"wp","href":"https:\/\/api.w.org\/{rel}","templated":true}]}}