{"id":87,"date":"2019-06-19T20:38:57","date_gmt":"2019-06-19T20:38:57","guid":{"rendered":"https:\/\/bi4ol.yj.fr\/blog\/?p=87"},"modified":"2019-12-30T10:56:02","modified_gmt":"2019-12-30T10:56:02","slug":"faille-firefox-mozilla-recommande-vivement-a-tous-les-utilisateurs-de-firefox-de-mettre-a-jour-le-navigateur-vers-la-version-67-0-3","status":"publish","type":"post","link":"https:\/\/bi4ol.yj.fr\/blog\/faille-firefox-mozilla-recommande-vivement-a-tous-les-utilisateurs-de-firefox-de-mettre-a-jour-le-navigateur-vers-la-version-67-0-3\/","title":{"rendered":"Faille de Firefox : Mozilla recommande vivement \u00e0 tous les utilisateurs de Firefox de mettre \u00e0 jour le navigateur vers la version 67.0.3"},"content":{"rendered":"\n<p><em>Dans un <\/em><a href=\"https:\/\/www.mozilla.org\/en-US\/security\/advisories\/mfsa2019-18\/\"><em>billet de s\u00e9curit\u00e9<\/em><\/a><em>, Mozilla annonce une faille critique de s\u00e9curit\u00e9 dans son navigateur Firefox. La faille n&rsquo;est plus exploitable si vous installez la <\/em><a href=\"https:\/\/www.mozilla.org\/en-US\/firefox\/67.0.3\/releasenotes\/\"><em>mise \u00e0 jour 67.0.3<\/em><\/a><em>.<\/em><\/p>\n\n\n\n<p>Annonc\u00e9e le 18 juin, cette faille est critique. De plus, selon Firefox, elle est d\u00e9j\u00e0 exploit\u00e9e par des hackers. Il est donc urgent de mettre \u00e0 jour le navigateur.<\/p>\n\n\n\n<p>D\u00e9couverte par <a href=\"https:\/\/twitter.com\/5aelo?lang=fr\">Samuel Gro\u00df<\/a>, chercheur en s\u00e9curit\u00e9 au sein du <a href=\"https:\/\/googleprojectzero.blogspot.com\/\">Google Project Zero<\/a> ainsi que par <a href=\"https:\/\/www.coinbase.com\/\">Coinbase<\/a>, une plateforme en ligne permettant de vendre, stocker et \u00e9changer des bitcoin, la faille permet de prendre le contr\u00f4le d&rsquo;une machine en passant par une m\u00e9thode Javascript : <code><a href=\"https:\/\/www.toutjavascript.com\/reference\/ref-array.pop.php\">Array.pop<\/a><\/code>. Du fait de l&rsquo;implication de Coinbase, on peut penser que celle-ci ait \u00e9t\u00e9 utilis\u00e9e pour d\u00e9rober des bitcoin.<\/p>\n\n\n\n<p><\/p>\n\n\n\n<h2 class=\"wp-block-heading\">Comment mettre \u00e0 jour Firefox pour corriger la faille de s\u00e9curit\u00e9 ?<\/h2>\n\n\n\n<p>Pour mettre \u00e0 jour Firefox, ouvrez le menu, puis choisissez \u00ab\u00a0Aide\u00a0\u00bb. Enfin, cliquez sur \u00ab\u00a0A propos de Firefox\u00a0\u00bb. Sur la fen\u00eatre qui s&rsquo;ouvre, vous pourrez v\u00e9rifier la version de Firefox que vous poss\u00e9dez, et si vous avez la version 67.0.2 ou en-dessous, mettez \u00e0 jour Firefox en cliquant sur le lien vous invitant \u00e0 mettre \u00e0 jour votre navigateur pr\u00e9sent sur cette fen\u00eatre.<\/p>\n\n\n\n<p><\/p>\n\n\n\n<div class=\"wp-block-image\"><figure class=\"aligncenter\"><a href=\"https:\/\/bi4ol.yj.fr\/blog\/wp-content\/uploads\/2019\/06\/mettreajour.jpg\" target=\"_blank\" rel=\"noreferrer noopener\"><img loading=\"lazy\" decoding=\"async\" width=\"693\" height=\"366\" src=\"https:\/\/bi4ol.yj.fr\/blog\/wp-content\/uploads\/2019\/06\/mettreajour.jpg\" alt=\"Installer la mise \u00e0 jour pour corriger la faille de s\u00e9curit\u00e9 de Firefox\" class=\"wp-image-92\" srcset=\"https:\/\/bi4ol.yj.fr\/blog\/wp-content\/uploads\/2019\/06\/mettreajour.jpg 693w, https:\/\/bi4ol.yj.fr\/blog\/wp-content\/uploads\/2019\/06\/mettreajour-300x158.jpg 300w\" sizes=\"auto, (max-width: 693px) 100vw, 693px\" \/><\/a><figcaption>Fen\u00eatre \u00ab\u00a0A propos de Firefox\u00a0\u00bb<\/figcaption><\/figure><\/div>\n\n\n\n<p>Bien que cette faille de s\u00e9curit\u00e9 dans Firefox soit critique, les failles de s\u00e9curit\u00e9 dans le navigateur de Mozilla sont assez rares. La derni\u00e8re d\u00e9couverte d&rsquo;une faille \u00ab\u00a0zero-day\u00a0\u00bb date, en effet, de pr\u00e8s de 3 ans&#8230; Une faille \u00ab\u00a0zero-day\u00a0\u00bb est une faille n&rsquo;ayant fait l&rsquo;objet d&rsquo;aucune publication, et dont aucun correctif n&rsquo;est disponible. La faille de Firefox mis en \u00e9vidence le 18 Juin n&rsquo;est donc pas vraiment une faille \u00ab\u00a0zero-day\u00a0\u00bb puisque Mozilla a publi\u00e9 un correctif tr\u00e8s rapidement.<\/p>\n\n\n\n<p style=\"background-color:#1a57a5;color:#ffffff;text-align:center\" class=\"has-text-color has-background\">Besoin d&rsquo;aide pour r\u00e9parer votre ordinateur ? Faites appel \u00e0 nos services.<br> <strong style=\"text-decoration:underline;\"><a href=\"..\/..\/..\/..\/..\/maintenance.html\">BI4ol prend soin de votre ordinateur<\/a><\/strong>.<\/p>\n","protected":false},"excerpt":{"rendered":"<p>Dans un billet de s\u00e9curit\u00e9, Mozilla annonce une faille critique de s\u00e9curit\u00e9 dans son navigateur Firefox. La faille n&rsquo;est plus exploitable si vous installez la mise \u00e0 jour 67.0.3. Annonc\u00e9e le 18 juin, cette faille est critique. De plus, selon Firefox, elle est d\u00e9j\u00e0 exploit\u00e9e par des hackers. Il est donc urgent de mettre \u00e0<\/p>\n<p><a href=\"https:\/\/bi4ol.yj.fr\/blog\/faille-firefox-mozilla-recommande-vivement-a-tous-les-utilisateurs-de-firefox-de-mettre-a-jour-le-navigateur-vers-la-version-67-0-3\/\" class=\"more-link\">Lire la suite<\/a><\/p>\n","protected":false},"author":1,"featured_media":89,"comment_status":"open","ping_status":"open","sticky":false,"template":"","format":"standard","meta":{"footnotes":""},"categories":[11],"tags":[14,13,8],"class_list":["post-87","post","type-post","status-publish","format-standard","has-post-thumbnail","hentry","category-securite","tag-faille","tag-firefox","tag-securite"],"yoast_head":"<!-- This site is optimized with the Yoast SEO plugin v24.9 - https:\/\/yoast.com\/wordpress\/plugins\/seo\/ -->\n<title>Faille Firefox : Mettez \u00e0 jour votre navigateur - BI4ol - Le Blog<\/title>\n<meta name=\"description\" content=\"Faille de s\u00e9curit\u00e9 dans Firefox : Mozilla publie un correctif et recommande de mettre rapidement \u00e0 jour le navigateur vers la version 67.0.3\" \/>\n<meta name=\"robots\" content=\"index, follow, max-snippet:-1, max-image-preview:large, max-video-preview:-1\" \/>\n<link rel=\"canonical\" href=\"https:\/\/bi4ol.yj.fr\/blog\/faille-firefox-mozilla-recommande-vivement-a-tous-les-utilisateurs-de-firefox-de-mettre-a-jour-le-navigateur-vers-la-version-67-0-3\/\" \/>\n<meta property=\"og:locale\" content=\"fr_FR\" \/>\n<meta property=\"og:type\" content=\"article\" \/>\n<meta property=\"og:title\" content=\"Faille Firefox : Mettez \u00e0 jour votre navigateur - BI4ol - Le Blog\" \/>\n<meta property=\"og:description\" content=\"Faille de s\u00e9curit\u00e9 dans Firefox : Mozilla publie un correctif et recommande de mettre rapidement \u00e0 jour le navigateur vers la version 67.0.3\" \/>\n<meta property=\"og:url\" content=\"https:\/\/bi4ol.yj.fr\/blog\/faille-firefox-mozilla-recommande-vivement-a-tous-les-utilisateurs-de-firefox-de-mettre-a-jour-le-navigateur-vers-la-version-67-0-3\/\" \/>\n<meta property=\"og:site_name\" content=\"BI4ol - Le Blog\" \/>\n<meta property=\"article:published_time\" content=\"2019-06-19T20:38:57+00:00\" \/>\n<meta property=\"article:modified_time\" content=\"2019-12-30T10:56:02+00:00\" \/>\n<meta property=\"og:image\" content=\"https:\/\/bi4ol.yj.fr\/blog\/wp-content\/uploads\/2019\/06\/firefoxlogo.png\" \/>\n\t<meta property=\"og:image:width\" content=\"300\" \/>\n\t<meta property=\"og:image:height\" content=\"300\" \/>\n\t<meta property=\"og:image:type\" content=\"image\/png\" \/>\n<meta name=\"author\" content=\"Jonathan\" \/>\n<meta name=\"twitter:card\" content=\"summary_large_image\" \/>\n<meta name=\"twitter:creator\" content=\"@bi4ol\" \/>\n<meta name=\"twitter:site\" content=\"@BI4ol\" \/>\n<meta name=\"twitter:label1\" content=\"\u00c9crit par\" \/>\n\t<meta name=\"twitter:data1\" content=\"Jonathan\" \/>\n\t<meta name=\"twitter:label2\" content=\"Dur\u00e9e de lecture estim\u00e9e\" \/>\n\t<meta name=\"twitter:data2\" content=\"1 minute\" \/>\n<script type=\"application\/ld+json\" class=\"yoast-schema-graph\">{\"@context\":\"https:\/\/schema.org\",\"@graph\":[{\"@type\":\"Article\",\"@id\":\"https:\/\/bi4ol.yj.fr\/blog\/faille-firefox-mozilla-recommande-vivement-a-tous-les-utilisateurs-de-firefox-de-mettre-a-jour-le-navigateur-vers-la-version-67-0-3\/#article\",\"isPartOf\":{\"@id\":\"https:\/\/bi4ol.yj.fr\/blog\/faille-firefox-mozilla-recommande-vivement-a-tous-les-utilisateurs-de-firefox-de-mettre-a-jour-le-navigateur-vers-la-version-67-0-3\/\"},\"author\":{\"name\":\"Jonathan\",\"@id\":\"https:\/\/bi4ol.yj.fr\/blog\/#\/schema\/person\/741ef653a18cd19359180c4bd0ca2a95\"},\"headline\":\"Faille de Firefox : Mozilla recommande vivement \u00e0 tous les utilisateurs de Firefox de mettre \u00e0 jour le navigateur vers la version 67.0.3\",\"datePublished\":\"2019-06-19T20:38:57+00:00\",\"dateModified\":\"2019-12-30T10:56:02+00:00\",\"mainEntityOfPage\":{\"@id\":\"https:\/\/bi4ol.yj.fr\/blog\/faille-firefox-mozilla-recommande-vivement-a-tous-les-utilisateurs-de-firefox-de-mettre-a-jour-le-navigateur-vers-la-version-67-0-3\/\"},\"wordCount\":308,\"commentCount\":0,\"publisher\":{\"@id\":\"https:\/\/bi4ol.yj.fr\/blog\/#organization\"},\"image\":{\"@id\":\"https:\/\/bi4ol.yj.fr\/blog\/faille-firefox-mozilla-recommande-vivement-a-tous-les-utilisateurs-de-firefox-de-mettre-a-jour-le-navigateur-vers-la-version-67-0-3\/#primaryimage\"},\"thumbnailUrl\":\"https:\/\/bi4ol.yj.fr\/blog\/wp-content\/uploads\/2019\/06\/firefoxlogo.png\",\"keywords\":[\"Faille\",\"Firefox\",\"S\u00e9curit\u00e9\"],\"articleSection\":[\"S\u00e9curit\u00e9\"],\"inLanguage\":\"fr-FR\",\"potentialAction\":[{\"@type\":\"CommentAction\",\"name\":\"Comment\",\"target\":[\"https:\/\/bi4ol.yj.fr\/blog\/faille-firefox-mozilla-recommande-vivement-a-tous-les-utilisateurs-de-firefox-de-mettre-a-jour-le-navigateur-vers-la-version-67-0-3\/#respond\"]}]},{\"@type\":\"WebPage\",\"@id\":\"https:\/\/bi4ol.yj.fr\/blog\/faille-firefox-mozilla-recommande-vivement-a-tous-les-utilisateurs-de-firefox-de-mettre-a-jour-le-navigateur-vers-la-version-67-0-3\/\",\"url\":\"https:\/\/bi4ol.yj.fr\/blog\/faille-firefox-mozilla-recommande-vivement-a-tous-les-utilisateurs-de-firefox-de-mettre-a-jour-le-navigateur-vers-la-version-67-0-3\/\",\"name\":\"Faille Firefox : Mettez \u00e0 jour votre navigateur - BI4ol - Le Blog\",\"isPartOf\":{\"@id\":\"https:\/\/bi4ol.yj.fr\/blog\/#website\"},\"primaryImageOfPage\":{\"@id\":\"https:\/\/bi4ol.yj.fr\/blog\/faille-firefox-mozilla-recommande-vivement-a-tous-les-utilisateurs-de-firefox-de-mettre-a-jour-le-navigateur-vers-la-version-67-0-3\/#primaryimage\"},\"image\":{\"@id\":\"https:\/\/bi4ol.yj.fr\/blog\/faille-firefox-mozilla-recommande-vivement-a-tous-les-utilisateurs-de-firefox-de-mettre-a-jour-le-navigateur-vers-la-version-67-0-3\/#primaryimage\"},\"thumbnailUrl\":\"https:\/\/bi4ol.yj.fr\/blog\/wp-content\/uploads\/2019\/06\/firefoxlogo.png\",\"datePublished\":\"2019-06-19T20:38:57+00:00\",\"dateModified\":\"2019-12-30T10:56:02+00:00\",\"description\":\"Faille de s\u00e9curit\u00e9 dans Firefox : Mozilla publie un correctif et recommande de mettre rapidement \u00e0 jour le navigateur vers la version 67.0.3\",\"breadcrumb\":{\"@id\":\"https:\/\/bi4ol.yj.fr\/blog\/faille-firefox-mozilla-recommande-vivement-a-tous-les-utilisateurs-de-firefox-de-mettre-a-jour-le-navigateur-vers-la-version-67-0-3\/#breadcrumb\"},\"inLanguage\":\"fr-FR\",\"potentialAction\":[{\"@type\":\"ReadAction\",\"target\":[\"https:\/\/bi4ol.yj.fr\/blog\/faille-firefox-mozilla-recommande-vivement-a-tous-les-utilisateurs-de-firefox-de-mettre-a-jour-le-navigateur-vers-la-version-67-0-3\/\"]}]},{\"@type\":\"ImageObject\",\"inLanguage\":\"fr-FR\",\"@id\":\"https:\/\/bi4ol.yj.fr\/blog\/faille-firefox-mozilla-recommande-vivement-a-tous-les-utilisateurs-de-firefox-de-mettre-a-jour-le-navigateur-vers-la-version-67-0-3\/#primaryimage\",\"url\":\"https:\/\/bi4ol.yj.fr\/blog\/wp-content\/uploads\/2019\/06\/firefoxlogo.png\",\"contentUrl\":\"https:\/\/bi4ol.yj.fr\/blog\/wp-content\/uploads\/2019\/06\/firefoxlogo.png\",\"width\":300,\"height\":300},{\"@type\":\"BreadcrumbList\",\"@id\":\"https:\/\/bi4ol.yj.fr\/blog\/faille-firefox-mozilla-recommande-vivement-a-tous-les-utilisateurs-de-firefox-de-mettre-a-jour-le-navigateur-vers-la-version-67-0-3\/#breadcrumb\",\"itemListElement\":[{\"@type\":\"ListItem\",\"position\":1,\"name\":\"Accueil\",\"item\":\"https:\/\/bi4ol.yj.fr\/blog\/\"},{\"@type\":\"ListItem\",\"position\":2,\"name\":\"Faille de Firefox : Mozilla recommande vivement \u00e0 tous les utilisateurs de Firefox de mettre \u00e0 jour le navigateur vers la version 67.0.3\"}]},{\"@type\":\"WebSite\",\"@id\":\"https:\/\/bi4ol.yj.fr\/blog\/#website\",\"url\":\"https:\/\/bi4ol.yj.fr\/blog\/\",\"name\":\"BI4ol - Le Blog\",\"description\":\"Blog informatique, Internet et plein d&#039;autres choses...\",\"publisher\":{\"@id\":\"https:\/\/bi4ol.yj.fr\/blog\/#organization\"},\"potentialAction\":[{\"@type\":\"SearchAction\",\"target\":{\"@type\":\"EntryPoint\",\"urlTemplate\":\"https:\/\/bi4ol.yj.fr\/blog\/?s={search_term_string}\"},\"query-input\":{\"@type\":\"PropertyValueSpecification\",\"valueRequired\":true,\"valueName\":\"search_term_string\"}}],\"inLanguage\":\"fr-FR\"},{\"@type\":\"Organization\",\"@id\":\"https:\/\/bi4ol.yj.fr\/blog\/#organization\",\"name\":\"BI4ol\",\"url\":\"https:\/\/bi4ol.yj.fr\/blog\/\",\"logo\":{\"@type\":\"ImageObject\",\"inLanguage\":\"fr-FR\",\"@id\":\"https:\/\/bi4ol.yj.fr\/blog\/#\/schema\/logo\/image\/\",\"url\":\"https:\/\/bi4ol.yj.fr\/blog\/wp-content\/uploads\/2019\/04\/Logo.png\",\"contentUrl\":\"https:\/\/bi4ol.yj.fr\/blog\/wp-content\/uploads\/2019\/04\/Logo.png\",\"width\":200,\"height\":200,\"caption\":\"BI4ol\"},\"image\":{\"@id\":\"https:\/\/bi4ol.yj.fr\/blog\/#\/schema\/logo\/image\/\"},\"sameAs\":[\"https:\/\/x.com\/BI4ol\"]},{\"@type\":\"Person\",\"@id\":\"https:\/\/bi4ol.yj.fr\/blog\/#\/schema\/person\/741ef653a18cd19359180c4bd0ca2a95\",\"name\":\"Jonathan\",\"image\":{\"@type\":\"ImageObject\",\"inLanguage\":\"fr-FR\",\"@id\":\"https:\/\/bi4ol.yj.fr\/blog\/#\/schema\/person\/image\/\",\"url\":\"https:\/\/secure.gravatar.com\/avatar\/4ad3a76258d17b5bee326ab739e2a50201588b37fe8a2c5194187a6db9ddf15d?s=96&d=mm&r=g\",\"contentUrl\":\"https:\/\/secure.gravatar.com\/avatar\/4ad3a76258d17b5bee326ab739e2a50201588b37fe8a2c5194187a6db9ddf15d?s=96&d=mm&r=g\",\"caption\":\"Jonathan\"},\"description\":\"Je suis passionn\u00e9 d'informatique et un peu touche \u00e0 tout dans le domaine ! Autant de la programmation, du web que de la maintenance ou encore de la s\u00e9curit\u00e9. C'est bien trop passionnant pour ne s'arr\u00eater qu'\u00e0 une facette de l'informatique... Je suis \u00e9galement formateur en informatique pour une association.\",\"sameAs\":[\"https:\/\/bi4ol.yj.fr\",\"https:\/\/x.com\/bi4ol\"],\"url\":\"https:\/\/bi4ol.yj.fr\/blog\/author\/jonathan\/\"}]}<\/script>\n<!-- \/ Yoast SEO plugin. -->","yoast_head_json":{"title":"Faille Firefox : Mettez \u00e0 jour votre navigateur - BI4ol - Le Blog","description":"Faille de s\u00e9curit\u00e9 dans Firefox : Mozilla publie un correctif et recommande de mettre rapidement \u00e0 jour le navigateur vers la version 67.0.3","robots":{"index":"index","follow":"follow","max-snippet":"max-snippet:-1","max-image-preview":"max-image-preview:large","max-video-preview":"max-video-preview:-1"},"canonical":"https:\/\/bi4ol.yj.fr\/blog\/faille-firefox-mozilla-recommande-vivement-a-tous-les-utilisateurs-de-firefox-de-mettre-a-jour-le-navigateur-vers-la-version-67-0-3\/","og_locale":"fr_FR","og_type":"article","og_title":"Faille Firefox : Mettez \u00e0 jour votre navigateur - BI4ol - Le Blog","og_description":"Faille de s\u00e9curit\u00e9 dans Firefox : Mozilla publie un correctif et recommande de mettre rapidement \u00e0 jour le navigateur vers la version 67.0.3","og_url":"https:\/\/bi4ol.yj.fr\/blog\/faille-firefox-mozilla-recommande-vivement-a-tous-les-utilisateurs-de-firefox-de-mettre-a-jour-le-navigateur-vers-la-version-67-0-3\/","og_site_name":"BI4ol - Le Blog","article_published_time":"2019-06-19T20:38:57+00:00","article_modified_time":"2019-12-30T10:56:02+00:00","og_image":[{"width":300,"height":300,"url":"https:\/\/bi4ol.yj.fr\/blog\/wp-content\/uploads\/2019\/06\/firefoxlogo.png","type":"image\/png"}],"author":"Jonathan","twitter_card":"summary_large_image","twitter_creator":"@bi4ol","twitter_site":"@BI4ol","twitter_misc":{"\u00c9crit par":"Jonathan","Dur\u00e9e de lecture estim\u00e9e":"1 minute"},"schema":{"@context":"https:\/\/schema.org","@graph":[{"@type":"Article","@id":"https:\/\/bi4ol.yj.fr\/blog\/faille-firefox-mozilla-recommande-vivement-a-tous-les-utilisateurs-de-firefox-de-mettre-a-jour-le-navigateur-vers-la-version-67-0-3\/#article","isPartOf":{"@id":"https:\/\/bi4ol.yj.fr\/blog\/faille-firefox-mozilla-recommande-vivement-a-tous-les-utilisateurs-de-firefox-de-mettre-a-jour-le-navigateur-vers-la-version-67-0-3\/"},"author":{"name":"Jonathan","@id":"https:\/\/bi4ol.yj.fr\/blog\/#\/schema\/person\/741ef653a18cd19359180c4bd0ca2a95"},"headline":"Faille de Firefox : Mozilla recommande vivement \u00e0 tous les utilisateurs de Firefox de mettre \u00e0 jour le navigateur vers la version 67.0.3","datePublished":"2019-06-19T20:38:57+00:00","dateModified":"2019-12-30T10:56:02+00:00","mainEntityOfPage":{"@id":"https:\/\/bi4ol.yj.fr\/blog\/faille-firefox-mozilla-recommande-vivement-a-tous-les-utilisateurs-de-firefox-de-mettre-a-jour-le-navigateur-vers-la-version-67-0-3\/"},"wordCount":308,"commentCount":0,"publisher":{"@id":"https:\/\/bi4ol.yj.fr\/blog\/#organization"},"image":{"@id":"https:\/\/bi4ol.yj.fr\/blog\/faille-firefox-mozilla-recommande-vivement-a-tous-les-utilisateurs-de-firefox-de-mettre-a-jour-le-navigateur-vers-la-version-67-0-3\/#primaryimage"},"thumbnailUrl":"https:\/\/bi4ol.yj.fr\/blog\/wp-content\/uploads\/2019\/06\/firefoxlogo.png","keywords":["Faille","Firefox","S\u00e9curit\u00e9"],"articleSection":["S\u00e9curit\u00e9"],"inLanguage":"fr-FR","potentialAction":[{"@type":"CommentAction","name":"Comment","target":["https:\/\/bi4ol.yj.fr\/blog\/faille-firefox-mozilla-recommande-vivement-a-tous-les-utilisateurs-de-firefox-de-mettre-a-jour-le-navigateur-vers-la-version-67-0-3\/#respond"]}]},{"@type":"WebPage","@id":"https:\/\/bi4ol.yj.fr\/blog\/faille-firefox-mozilla-recommande-vivement-a-tous-les-utilisateurs-de-firefox-de-mettre-a-jour-le-navigateur-vers-la-version-67-0-3\/","url":"https:\/\/bi4ol.yj.fr\/blog\/faille-firefox-mozilla-recommande-vivement-a-tous-les-utilisateurs-de-firefox-de-mettre-a-jour-le-navigateur-vers-la-version-67-0-3\/","name":"Faille Firefox : Mettez \u00e0 jour votre navigateur - BI4ol - Le Blog","isPartOf":{"@id":"https:\/\/bi4ol.yj.fr\/blog\/#website"},"primaryImageOfPage":{"@id":"https:\/\/bi4ol.yj.fr\/blog\/faille-firefox-mozilla-recommande-vivement-a-tous-les-utilisateurs-de-firefox-de-mettre-a-jour-le-navigateur-vers-la-version-67-0-3\/#primaryimage"},"image":{"@id":"https:\/\/bi4ol.yj.fr\/blog\/faille-firefox-mozilla-recommande-vivement-a-tous-les-utilisateurs-de-firefox-de-mettre-a-jour-le-navigateur-vers-la-version-67-0-3\/#primaryimage"},"thumbnailUrl":"https:\/\/bi4ol.yj.fr\/blog\/wp-content\/uploads\/2019\/06\/firefoxlogo.png","datePublished":"2019-06-19T20:38:57+00:00","dateModified":"2019-12-30T10:56:02+00:00","description":"Faille de s\u00e9curit\u00e9 dans Firefox : Mozilla publie un correctif et recommande de mettre rapidement \u00e0 jour le navigateur vers la version 67.0.3","breadcrumb":{"@id":"https:\/\/bi4ol.yj.fr\/blog\/faille-firefox-mozilla-recommande-vivement-a-tous-les-utilisateurs-de-firefox-de-mettre-a-jour-le-navigateur-vers-la-version-67-0-3\/#breadcrumb"},"inLanguage":"fr-FR","potentialAction":[{"@type":"ReadAction","target":["https:\/\/bi4ol.yj.fr\/blog\/faille-firefox-mozilla-recommande-vivement-a-tous-les-utilisateurs-de-firefox-de-mettre-a-jour-le-navigateur-vers-la-version-67-0-3\/"]}]},{"@type":"ImageObject","inLanguage":"fr-FR","@id":"https:\/\/bi4ol.yj.fr\/blog\/faille-firefox-mozilla-recommande-vivement-a-tous-les-utilisateurs-de-firefox-de-mettre-a-jour-le-navigateur-vers-la-version-67-0-3\/#primaryimage","url":"https:\/\/bi4ol.yj.fr\/blog\/wp-content\/uploads\/2019\/06\/firefoxlogo.png","contentUrl":"https:\/\/bi4ol.yj.fr\/blog\/wp-content\/uploads\/2019\/06\/firefoxlogo.png","width":300,"height":300},{"@type":"BreadcrumbList","@id":"https:\/\/bi4ol.yj.fr\/blog\/faille-firefox-mozilla-recommande-vivement-a-tous-les-utilisateurs-de-firefox-de-mettre-a-jour-le-navigateur-vers-la-version-67-0-3\/#breadcrumb","itemListElement":[{"@type":"ListItem","position":1,"name":"Accueil","item":"https:\/\/bi4ol.yj.fr\/blog\/"},{"@type":"ListItem","position":2,"name":"Faille de Firefox : Mozilla recommande vivement \u00e0 tous les utilisateurs de Firefox de mettre \u00e0 jour le navigateur vers la version 67.0.3"}]},{"@type":"WebSite","@id":"https:\/\/bi4ol.yj.fr\/blog\/#website","url":"https:\/\/bi4ol.yj.fr\/blog\/","name":"BI4ol - Le Blog","description":"Blog informatique, Internet et plein d&#039;autres choses...","publisher":{"@id":"https:\/\/bi4ol.yj.fr\/blog\/#organization"},"potentialAction":[{"@type":"SearchAction","target":{"@type":"EntryPoint","urlTemplate":"https:\/\/bi4ol.yj.fr\/blog\/?s={search_term_string}"},"query-input":{"@type":"PropertyValueSpecification","valueRequired":true,"valueName":"search_term_string"}}],"inLanguage":"fr-FR"},{"@type":"Organization","@id":"https:\/\/bi4ol.yj.fr\/blog\/#organization","name":"BI4ol","url":"https:\/\/bi4ol.yj.fr\/blog\/","logo":{"@type":"ImageObject","inLanguage":"fr-FR","@id":"https:\/\/bi4ol.yj.fr\/blog\/#\/schema\/logo\/image\/","url":"https:\/\/bi4ol.yj.fr\/blog\/wp-content\/uploads\/2019\/04\/Logo.png","contentUrl":"https:\/\/bi4ol.yj.fr\/blog\/wp-content\/uploads\/2019\/04\/Logo.png","width":200,"height":200,"caption":"BI4ol"},"image":{"@id":"https:\/\/bi4ol.yj.fr\/blog\/#\/schema\/logo\/image\/"},"sameAs":["https:\/\/x.com\/BI4ol"]},{"@type":"Person","@id":"https:\/\/bi4ol.yj.fr\/blog\/#\/schema\/person\/741ef653a18cd19359180c4bd0ca2a95","name":"Jonathan","image":{"@type":"ImageObject","inLanguage":"fr-FR","@id":"https:\/\/bi4ol.yj.fr\/blog\/#\/schema\/person\/image\/","url":"https:\/\/secure.gravatar.com\/avatar\/4ad3a76258d17b5bee326ab739e2a50201588b37fe8a2c5194187a6db9ddf15d?s=96&d=mm&r=g","contentUrl":"https:\/\/secure.gravatar.com\/avatar\/4ad3a76258d17b5bee326ab739e2a50201588b37fe8a2c5194187a6db9ddf15d?s=96&d=mm&r=g","caption":"Jonathan"},"description":"Je suis passionn\u00e9 d'informatique et un peu touche \u00e0 tout dans le domaine ! Autant de la programmation, du web que de la maintenance ou encore de la s\u00e9curit\u00e9. C'est bien trop passionnant pour ne s'arr\u00eater qu'\u00e0 une facette de l'informatique... Je suis \u00e9galement formateur en informatique pour une association.","sameAs":["https:\/\/bi4ol.yj.fr","https:\/\/x.com\/bi4ol"],"url":"https:\/\/bi4ol.yj.fr\/blog\/author\/jonathan\/"}]}},"_links":{"self":[{"href":"https:\/\/bi4ol.yj.fr\/blog\/wp-json\/wp\/v2\/posts\/87","targetHints":{"allow":["GET"]}}],"collection":[{"href":"https:\/\/bi4ol.yj.fr\/blog\/wp-json\/wp\/v2\/posts"}],"about":[{"href":"https:\/\/bi4ol.yj.fr\/blog\/wp-json\/wp\/v2\/types\/post"}],"author":[{"embeddable":true,"href":"https:\/\/bi4ol.yj.fr\/blog\/wp-json\/wp\/v2\/users\/1"}],"replies":[{"embeddable":true,"href":"https:\/\/bi4ol.yj.fr\/blog\/wp-json\/wp\/v2\/comments?post=87"}],"version-history":[{"count":10,"href":"https:\/\/bi4ol.yj.fr\/blog\/wp-json\/wp\/v2\/posts\/87\/revisions"}],"predecessor-version":[{"id":100,"href":"https:\/\/bi4ol.yj.fr\/blog\/wp-json\/wp\/v2\/posts\/87\/revisions\/100"}],"wp:featuredmedia":[{"embeddable":true,"href":"https:\/\/bi4ol.yj.fr\/blog\/wp-json\/wp\/v2\/media\/89"}],"wp:attachment":[{"href":"https:\/\/bi4ol.yj.fr\/blog\/wp-json\/wp\/v2\/media?parent=87"}],"wp:term":[{"taxonomy":"category","embeddable":true,"href":"https:\/\/bi4ol.yj.fr\/blog\/wp-json\/wp\/v2\/categories?post=87"},{"taxonomy":"post_tag","embeddable":true,"href":"https:\/\/bi4ol.yj.fr\/blog\/wp-json\/wp\/v2\/tags?post=87"}],"curies":[{"name":"wp","href":"https:\/\/api.w.org\/{rel}","templated":true}]}}